{"id":9425,"date":"2023-05-31T17:58:48","date_gmt":"2023-05-31T15:58:48","guid":{"rendered":"https:\/\/www.devlhon-consulting.com\/?p=9425"},"modified":"2023-05-31T17:58:48","modified_gmt":"2023-05-31T15:58:48","slug":"faire-face-a-la-hausse-des-prix-tout-en-promouvant-la-neutralite-carbone","status":"publish","type":"post","link":"https:\/\/www.devlhon-consulting.com\/fr\/faire-face-a-la-hausse-des-prix-tout-en-promouvant-la-neutralite-carbone\/","title":{"rendered":"Faire face \u00e0 la hausse des prix tout en promouvant la neutralit\u00e9 carbone ?"},"content":{"rendered":"<p>[vc_row][vc_column][vc_column_text]<\/p>\n<p style=\"font-weight: 400;\"><span style=\"font-family: helvetica; font-size: 13pt;\">Selon\u00a0la Banque de France, la transition vers la neutralit\u00e9 carbone peut entra\u00eener des hausses de prix \u00e0 court terme, mais que ces effets peuvent \u00eatre att\u00e9nu\u00e9s. Lisez notre article pour comprendre comment.<\/span><\/p>\n<p style=\"font-weight: 400;\"><span style=\"font-family: helvetica; font-size: 13pt;\">La transition vers la neutralit\u00e9 carbone peut avoir un impact sur les prix \u00e0 court terme, avec des co\u00fbts de production plus \u00e9lev\u00e9s pour les entreprises qui doivent investir dans de nouvelles technologies ou modifier leurs processus de production pour r\u00e9duire leur empreinte carbone. De m\u00eame, les mati\u00e8res premi\u00e8res peuvent devenir plus ch\u00e8res en raison de politiques environnementales plus strictes, entra\u00eenant des co\u00fbts d&rsquo;approvisionnement plus \u00e9lev\u00e9s. Les politiques environnementales telles que les taxes sur le carbone peuvent \u00e9galement se r\u00e9percuter sur les prix pour les consommateurs.<\/span><\/p>\n<p style=\"font-weight: 400;\"><span style=\"font-family: helvetica; font-size: 13pt;\">Cependant, il est important de noter que ces effets peuvent \u00eatre att\u00e9nu\u00e9s \u00e0 long terme gr\u00e2ce \u00e0 l&rsquo;innovation technologique et \u00e0 l&rsquo;efficacit\u00e9 \u00e9nerg\u00e9tique accrue. Les entreprises peuvent trouver des moyens plus efficaces et moins co\u00fbteux de produire des biens et services, ce qui peut r\u00e9duire les co\u00fbts \u00e0 long terme. De plus, les politiques environnementales peuvent encourager l&rsquo;innovation et la cr\u00e9ation d&#8217;emplois dans des secteurs tels que les \u00e9nergies renouvelables et l&rsquo;efficacit\u00e9 \u00e9nerg\u00e9tique, offrant ainsi des opportunit\u00e9s \u00e9conomiques \u00e0 long terme.<\/span><\/p>\n<p style=\"font-weight: 400;\"><span style=\"font-family: helvetica; font-size: 13pt;\">Les entreprises sont donc appel\u00e9es \u00e0\u00a0<strong>cr\u00e9er de la valeur<\/strong>\u00a0en saisissant ces opportunit\u00e9s gr\u00e2ce \u00e0 des pratiques durables et \u00e0 l&rsquo;innovation technologique.<\/span><\/p>\n<p style=\"font-weight: 400;\"><span style=\"font-family: helvetica; font-size: 13pt;\">Nos consultants peuvent travailler avec vous pour identifier les opportunit\u00e9s d\u2019am\u00e9liorations, puis proposer des solutions adapt\u00e9es \u00e0 vos besoins sp\u00e9cifiques, notamment<\/span><\/p>\n<ul>\n<li style=\"font-weight: 400;\"><span style=\"font-family: helvetica; font-size: 13pt;\">\u00c9valuation de votre empreinte carbone et am\u00e9lioration de votre efficacit\u00e9 op\u00e9rationnelle.<\/span><\/li>\n<\/ul>\n<ul style=\"font-weight: 400;\">\n<li><span style=\"font-family: helvetica; font-size: 13pt;\">D\u00e9veloppement de strat\u00e9gies pour r\u00e9duire votre empreinte carbone.<\/span><\/li>\n<li><span style=\"font-family: helvetica; font-size: 13pt;\">Mise en \u0153uvre de projets d&rsquo;efficacit\u00e9 \u00e9nerg\u00e9tique pour r\u00e9duire la consommation d&rsquo;\u00e9nergie et les co\u00fbts associ\u00e9s.<\/span><\/li>\n<li><span style=\"font-family: helvetica; font-size: 13pt;\">\u00c9laboration de plans de gestion des d\u00e9chets pour r\u00e9duire les d\u00e9chets produits par l&rsquo;entreprise et promouvoir le recyclage.<\/span><\/li>\n<li><span style=\"font-family: helvetica; font-size: 13pt;\">Conseil en mati\u00e8re de transport durable.<\/span><\/li>\n<li><span style=\"font-family: helvetica; font-size: 13pt;\">Conseil sur les politiques environnementales et les r\u00e9glementations locales et internationales.<\/span><\/li>\n<\/ul>\n<p>[\/vc_column_text][\/vc_column][\/vc_row]<\/p>\n","protected":false},"excerpt":{"rendered":"<p><span style=\"font-family: helvetica; font-size: 13pt;\">Selon\u00a0la Banque de France, la transition vers la neutralit\u00e9 carbone peut entra\u00eener des hausses de prix \u00e0 court terme, mais que ces effets peuvent \u00eatre att\u00e9nu\u00e9s. Lisez notre article pour comprendre comment.<\/span><\/p>\n","protected":false},"author":6,"featured_media":9431,"comment_status":"closed","ping_status":"closed","sticky":false,"template":"","format":"standard","meta":{"seo_booster_metabox":"","footnotes":""},"categories":[47,446,574],"tags":[468,584,448],"class_list":["post-9425","post","type-post","status-publish","format-standard","has-post-thumbnail","hentry","category-actualites-devlhon-consulting","category-rse","category-societe","tag-empreintecarbonne","tag-pouvoir-dachat","tag-rse"],"amp_validity":null,"amp_enabled":true,"_links":{"self":[{"href":"https:\/\/www.devlhon-consulting.com\/fr\/wp-json\/wp\/v2\/posts\/9425","targetHints":{"allow":["GET"]}}],"collection":[{"href":"https:\/\/www.devlhon-consulting.com\/fr\/wp-json\/wp\/v2\/posts"}],"about":[{"href":"https:\/\/www.devlhon-consulting.com\/fr\/wp-json\/wp\/v2\/types\/post"}],"author":[{"embeddable":true,"href":"https:\/\/www.devlhon-consulting.com\/fr\/wp-json\/wp\/v2\/users\/6"}],"replies":[{"embeddable":true,"href":"https:\/\/www.devlhon-consulting.com\/fr\/wp-json\/wp\/v2\/comments?post=9425"}],"version-history":[{"count":2,"href":"https:\/\/www.devlhon-consulting.com\/fr\/wp-json\/wp\/v2\/posts\/9425\/revisions"}],"predecessor-version":[{"id":9434,"href":"https:\/\/www.devlhon-consulting.com\/fr\/wp-json\/wp\/v2\/posts\/9425\/revisions\/9434"}],"wp:featuredmedia":[{"embeddable":true,"href":"https:\/\/www.devlhon-consulting.com\/fr\/wp-json\/wp\/v2\/media\/9431"}],"wp:attachment":[{"href":"https:\/\/www.devlhon-consulting.com\/fr\/wp-json\/wp\/v2\/media?parent=9425"}],"wp:term":[{"taxonomy":"category","embeddable":true,"href":"https:\/\/www.devlhon-consulting.com\/fr\/wp-json\/wp\/v2\/categories?post=9425"},{"taxonomy":"post_tag","embeddable":true,"href":"https:\/\/www.devlhon-consulting.com\/fr\/wp-json\/wp\/v2\/tags?post=9425"}],"curies":[{"name":"wp","href":"https:\/\/api.w.org\/{rel}","templated":true}]}}